{"id":73070,"date":"2022-06-08T16:02:47","date_gmt":"2022-06-08T14:02:47","guid":{"rendered":"https:\/\/www.revsrl.com\/?p=73070"},"modified":"2025-02-03T16:02:51","modified_gmt":"2025-02-03T15:02:51","slug":"eco-soluzioni-per-un-economia-circolare-concreta","status":"publish","type":"post","link":"https:\/\/www.revsrl.com\/es\/eco-soluzioni-per-un-economia-circolare-concreta\/","title":{"rendered":"Eco-soluciones para una econom\u00eda circular concreta"},"content":{"rendered":"<div class=\"wpb-content-wrapper\"><p>[vc_row][vc_column width=\u00bb1\/3&#8243;][vc_single_image media=\u00bb75091&#8243; media_width_percent=\u00bb100&#8243; uncode_shortcode_id=\u00bb211780&#8243;][\/vc_column][vc_column width=\u00bb2\/3&#8243;][vc_custom_heading text_color=\u00bbcolor-122249&#8243; text_font=\u00bbfont-547818&#8243; text_size=\u00bbh5&#8243; uncode_shortcode_id=\u00bb425580&#8243; text_color_type=\u00bbuncode-palette\u00bb]REV Packaging Solutions lanza un nuevo desaf\u00edo: \u00bfqui\u00e9n responder\u00e1?[\/vc_custom_heading][vc_column_text uncode_shortcode_id=\u00bb460485&#8243;]No obstante queda mucho por hacer para llevar a cabo la <strong>transici\u00f3n ecol\u00f3gica<\/strong> empezada ya a principio de los 70 (y a lo mejor s\u00f3lo un milagro podr\u00eda salvarnos de la crisis clim\u00e1tica a la que nos estamos dirigiendo), hemos innegablemente dado unos t\u00edmidos pasos adelante.<\/p>\n<p>Por todas partes, se est\u00e1 difundiendo una cultura de la prevenci\u00f3n en \u00f3ptica de salvaguardia del medio ambiente que ha recalibrado la br\u00fajula del consumidor y que ha tra\u00eddo consigo <strong>nuevos patrones de comportamiento <\/strong>destinados a proporcionar una respuesta pragm\u00e1tica y eficaz a la cuesti\u00f3n de la sostenibilidad: la evoluci\u00f3n ya no puede prescindir del confronto col medio ambiente, todo el mundo quiere (y tiene que) hacer su propia parte.<\/p>\n<p>Las \u00faltimas investigaciones de mercado destacan como, en la elecci\u00f3n de qu\u00e9 comprar, en la vida diaria, junto a la calidad del producto (que permanece constante en primera posici\u00f3n), ha entrado una nueva variable: el <strong>impacto ambiental del producto y de su envase<\/strong> y los efectos negativos que estos tendr\u00e1n sobre el planeta.<\/p>\n<p>M\u00e1s del 90 % de quienes compran est\u00e1 atento al ecosistema y a su protecci\u00f3n. Pero hay a\u00fan m\u00e1s: seg\u00fan recientes estad\u00edsticas recopiladas por Comieco (Consorcio Nacional Recuperaci\u00f3n y Reciclado de los Embalajes a base de Celulosa), la <strong>percepci\u00f3n<\/strong> que el comprador tiene <strong>de una marca<\/strong> est\u00e1 m\u00e1s y m\u00e1s estrechamente <strong>relacionada con la sostenibilidad del envase<\/strong> del producto y, en particular, con la facilidad de interactuar con este, desde la apertura hasta (y especialmente) su eliminaci\u00f3n.<\/p>\n<p>Algo se ha movido, pero, para poner en pr\u00e1ctica la revoluci\u00f3n se necesita visibilidad. Y ah\u00ed es donde entra en juego la gran distribuci\u00f3n: para hacer frente a las nuevas exigencias de eco-envasado ocurre <strong>proponer modelos de consumo que correspondan a las reales necesidades de los clientes<\/strong> y de la colectividad, es decir que permitan un uso m\u00e1s consciente.<\/p>\n<p>Y, al final, esta es exactamente la apertura al cambio que los constructores deseamos (y en que estamos trabajando) desde hace a\u00f1os. Pero, \u00bfc\u00f3mo proceder? En primer lugar, ser\u00e1 necesario que cada vez m\u00e1s realidades productivas inviertan en nuevas tecnolog\u00edas y materiales, que sean verdaderamente sostenibles. Pues, hay que evitar el <em>overpackaging<\/em> y ampliar la gama de productos biodegradables y compostables, por supuesto. Pero, \u00bfqu\u00e9 hace un <strong>envase para alimentos ideal<\/strong>? Primero, tiene que respetar el producto, garantiz\u00e1ndole <strong>altos niveles de protecci\u00f3n y conservaci\u00f3n<\/strong>, d\u00e1ndole buena visibilidad y vehiculando toda la informaci\u00f3n necesaria, desde la origen hasta el soporte a la venta. Y desde el punto de vista de la conservaci\u00f3n de los alimentos, es evidente que los envases pl\u00e1sticos todav\u00eda son los m\u00e1s funcionales, en la mayor\u00eda de los casos. \u00bfQu\u00e9 hacer, por lo tanto? La respuesta al problema s\u00f3lo es una: el <strong>monomaterial pl\u00e1stico<\/strong>.<\/p>\n<p>Porque si es verdad que la sensibilidad de los usuarios ha aumentado por lo que concierne la recogida selectiva, tambi\u00e9n es cierto que en el mercado todav\u00eda hay demasiados pl\u00e1sticos acoplados a otros materiales o a otros tipos de pl\u00e1stico no reciclable que, a\u00fan m\u00e1s grave, a menudo son elogiados como el futuro de la industria. Los pl\u00e1sticos acoplados podr\u00edan parecer m\u00e1s performantes en fase de uso pero, al final de su ciclo de vida, no son reutilizables de ninguna manera. Por el contrario, un <strong>proyecto de econom\u00eda circular<\/strong> se basa precisamente en el <strong>prolongamiento de la vida de los envases<\/strong>, sin mencionar que las confecciones de m\u00e1s de un material, aun cuando en parte reciclables, generan confusi\u00f3n desde el punto de vista del reciclo y, de toda forma, no son pr\u00e1cticas para el consumidor.[\/vc_column_text][vc_single_image media=\u00bb73109&#8243; media_width_percent=\u00bb100&#8243; uncode_shortcode_id=\u00bb370208&#8243;][vc_column_text uncode_shortcode_id=\u00bb210771&#8243;]El<strong> monomaterial pl<\/strong><strong>\u00e1<\/strong><strong>stico<\/strong> (de envoltorios, pel\u00edculas y paquetes de varios tipos), en cambio, es f\u00e1cilmente desechable para el consumidor final y para las empresas que deciden invertir en soluciones <em>green<\/em> y, sobre todo, <strong>puede renacer y convertirse en un nuevo envase <\/strong>en grado de asegurar \u00f3ptimas prestaciones.<\/p>\n<p>Consideremos que, actualmente, mientras que el papel es reciclable pero no reutilizable para envases alimentarios, el monomaterial pl\u00e1stico puede reciclarse (casi al infinito) manteniendo intactas su propriedades. En suma, si correctamente reciclado, el pl\u00e1stico <strong>tiene un impacto ambiental menor<\/strong> con respecto a cualquier otro material generalmente usado para confeccionar productos hortofrut\u00edcolas, adem\u00e1s de generar un gran n\u00famero de actividades econ\u00f3micas derivadas y de garantizar, por tanto, ventajas econ\u00f3micas y ambientales.<\/p>\n<p>En REV, comprometidos en dise\u00f1ar soluciones para exigencias espec\u00edficas de todo tipo, desde hace a\u00f1os realizamos <strong>m<\/strong><strong>\u00e1quinas para crear envases monomateriales y totalmente reciclables<\/strong>.[\/vc_column_text][vc_single_image media=\u00bb73075&#8243; media_width_percent=\u00bb100&#8243; uncode_shortcode_id=\u00bb164184&#8243;][vc_column_text uncode_shortcode_id=\u00bb656455&#8243;]Es exactamente el caso de las cestas enmalladas producidas por la\u00a0envasadora horizontal<strong>\u00a0<span style=\"color: #fe5000;\"><a style=\"color: #fe5000;\" href=\"https:\/\/www.revsrl.com\/es\/portfolio\/lion-enmalladora-de-cestas-termoselladas\/\" rel=\"noopener\">Lion<\/a>\u00a0<\/span><\/strong>en que, ya a partir de 2010, la <strong>soldadura t\u00e9rmica<\/strong> sustituye la grapa met\u00e1lica.\u00a0La novedad del envase NGP producido por Lion resulta de su perfecta s\u00edntesis de econom\u00eda y ecolog\u00eda (menor empleo de pl\u00e1stico significa costes m\u00e1s bajos, para la producci\u00f3n y para la eliminaci\u00f3n, y menor impacto ambiental), sin que se afecte la est\u00e9tica o la funcionalidad de la cesta (y, m\u00e1s bien, el espacio comunicativo de la etiqueta es m\u00e1s amplio respecto a lo de los paquetes tradicionales). M\u00e1s detalladamente, las cestas NGP tienen un <strong>20 % menos de material comparado a las confecciones con grapa met\u00e1lica<\/strong> y el <strong>50 % respecto a cestas similares de nuestros competidores<\/strong> y aseguran, de esta manera, un <strong>ahorro del<\/strong> <strong>6 % y 40 % <\/strong>respectivamente.[\/vc_column_text][vc_single_image media=\u00bb73112&#8243; media_width_percent=\u00bb100&#8243; uncode_shortcode_id=\u00bb799733&#8243;][vc_single_image media=\u00bb73078&#8243; media_width_percent=\u00bb100&#8243; uncode_shortcode_id=\u00bb334291&#8243;][vc_column_text uncode_shortcode_id=\u00bb751742&#8243;]Otros ejemplos son <span style=\"color: #fe5000;\"><strong><a style=\"color: #fe5000;\" href=\"https:\/\/www.revsrl.com\/portfolio\/tiger\/\" rel=\"noopener\">Tiger<\/a><\/strong><\/span>,\u00a0envasadora vertical<strong>\u00a0<\/strong>que elimina la grapa de las confecciones de productos sueltos en l\u00ednea, y <span style=\"color: #fe5000;\"><strong><a style=\"color: #fe5000;\" href=\"https:\/\/www.revsrl.com\/portfolio\/puma-confezionatrice-retine-termosaldate\/\" rel=\"noopener\">Puma\u00a0<\/a><\/strong><\/span>enmalladora vertical que, adem\u00e1s de realizar paquetes sin grapa met\u00e1lica y 100 % reciclables (de bolsa o en l\u00ednea), como Lion utiliza hasta el 50 % menos de pl\u00e1stico comparada a las m\u00e1quinas de los competidores. Por \u00faltimo, con todas las\u00a0<strong>m\u00e1quinas con soldadura t\u00e9rmica\u00a0<\/strong>producidas por REV, es posible utilizar\u00a0<strong>materiales compostables certificados <\/strong>(OK compost), <strong>en sustituci\u00f3n a los<\/strong> <strong>pl\u00e1sticos reciclables<\/strong>.[\/vc_column_text][vc_single_image media=\u00bb75424&#8243; media_width_percent=\u00bb100&#8243; uncode_shortcode_id=\u00bb642218&#8243;][vc_column_text uncode_shortcode_id=\u00bb188150&#8243;]En definitiva, en REV creemos que ha llegado la hora de <strong>un nuevo enfoque del tema de la sostenibilidad<\/strong>: es necesaria una verdadera inversi\u00f3n en t\u00e9rminos de tiempo y proyectualidad. Claro est\u00e1 que las novedades implican unos riesgos pero, econ\u00f3micamente y no, el <strong>paso al monomaterial<\/strong> s\u00f3lo puede ser conveniente, para los envasadores tambi\u00e9n. Quienes tienen el poder pongan en marcha el mecanismo: este es el llamamiento de REV a la GDO y su invitaci\u00f3n a aunar fuerzas en esta carrera contra el reloj. No olvidemos que \u201cel progreso es imposible sin el cambio\u201d (George Bernard Shaw) y que, sobre todo, <strong>no hay planeta B!<\/strong> \u00bfQui\u00e9n se atrever\u00e1 a tomar la iniciativa?[\/vc_column_text][\/vc_column][\/vc_row]<\/p>\n<\/div>","protected":false},"excerpt":{"rendered":"<p>[vc_row][vc_column width=\u00bb1\/3&#8243;][vc_single_image media=\u00bb75091&#8243; media_width_percent=\u00bb100&#8243; uncode_shortcode_id=\u00bb211780&#8243;][\/vc_column][vc_column width=\u00bb2\/3&#8243;][vc_custom_heading text_color=\u00bbcolor-122249&#8243; text_font=\u00bbfont-547818&#8243; text_size=\u00bbh5&#8243; uncode_shortcode_id=\u00bb425580&#8243; text_color_type=\u00bbuncode-palette\u00bb]REV Packaging Solutions lanza un nuevo desaf\u00edo: \u00bfqui\u00e9n responder\u00e1?[\/vc_custom_heading][vc_column_text uncode_shortcode_id=\u00bb460485&#8243;]No [&hellip;]<\/p>\n","protected":false},"author":11,"featured_media":75091,"comment_status":"closed","ping_status":"closed","sticky":false,"template":"","format":"standard","meta":{"footnotes":""},"categories":[413],"tags":[],"class_list":["post-73070","post","type-post","status-publish","format-standard","has-post-thumbnail","hentry","category-noticias"],"yoast_head":"<!-- This site is optimized with the Yoast SEO plugin v27.1.1 - https:\/\/yoast.com\/product\/yoast-seo-wordpress\/ -->\n<title>Eco-packaging para un desarrollo consciente - REV<\/title>\n<meta name=\"description\" content=\"REV est\u00e1 convencida: ha llegado el momento de nuevos modelos de consumo que sean en l\u00ednea con un proyecto de econom\u00eda circular concreta.\" \/>\n<meta name=\"robots\" content=\"index, follow, max-snippet:-1, max-image-preview:large, max-video-preview:-1\" \/>\n<link rel=\"canonical\" href=\"https:\/\/www.revsrl.com\/es\/eco-soluzioni-per-un-economia-circolare-concreta\/\" \/>\n<meta property=\"og:locale\" content=\"es_ES\" \/>\n<meta property=\"og:type\" content=\"article\" \/>\n<meta property=\"og:title\" content=\"Eco-packaging para un desarrollo consciente - REV\" \/>\n<meta property=\"og:description\" content=\"REV est\u00e1 convencida: ha llegado el momento de nuevos modelos de consumo que sean en l\u00ednea con un proyecto de econom\u00eda circular concreta.\" \/>\n<meta property=\"og:url\" content=\"https:\/\/www.revsrl.com\/es\/eco-soluzioni-per-un-economia-circolare-concreta\/\" \/>\n<meta property=\"og:site_name\" content=\"REV Packaging Solutions\" \/>\n<meta property=\"article:published_time\" content=\"2022-06-08T14:02:47+00:00\" \/>\n<meta property=\"article:modified_time\" content=\"2025-02-03T15:02:51+00:00\" \/>\n<meta property=\"og:image\" content=\"https:\/\/www.revsrl.com\/wp-content\/uploads\/2023\/06\/2.png\" \/>\n\t<meta property=\"og:image:width\" content=\"720\" \/>\n\t<meta property=\"og:image:height\" content=\"540\" \/>\n\t<meta property=\"og:image:type\" content=\"image\/png\" \/>\n<meta name=\"author\" content=\"Francesca Fiumana\" \/>\n<script type=\"application\/ld+json\" class=\"yoast-schema-graph\">{\"@context\":\"https:\/\/schema.org\",\"@graph\":[{\"@type\":\"Article\",\"@id\":\"https:\/\/www.revsrl.com\/es\/eco-soluzioni-per-un-economia-circolare-concreta\/#article\",\"isPartOf\":{\"@id\":\"https:\/\/www.revsrl.com\/es\/eco-soluzioni-per-un-economia-circolare-concreta\/\"},\"author\":{\"name\":\"Francesca Fiumana\",\"@id\":\"https:\/\/www.revsrl.com\/#\/schema\/person\/b539840d6e3097afaab3e589a391eaf9\"},\"headline\":\"Eco-soluciones para una econom\u00eda circular concreta\",\"datePublished\":\"2022-06-08T14:02:47+00:00\",\"dateModified\":\"2025-02-03T15:02:51+00:00\",\"mainEntityOfPage\":{\"@id\":\"https:\/\/www.revsrl.com\/es\/eco-soluzioni-per-un-economia-circolare-concreta\/\"},\"wordCount\":1307,\"image\":{\"@id\":\"https:\/\/www.revsrl.com\/es\/eco-soluzioni-per-un-economia-circolare-concreta\/#primaryimage\"},\"thumbnailUrl\":\"https:\/\/www.revsrl.com\/wp-content\/uploads\/2023\/06\/2.png\",\"articleSection\":[\"Noticias\"],\"inLanguage\":\"es\"},{\"@type\":\"WebPage\",\"@id\":\"https:\/\/www.revsrl.com\/es\/eco-soluzioni-per-un-economia-circolare-concreta\/\",\"url\":\"https:\/\/www.revsrl.com\/es\/eco-soluzioni-per-un-economia-circolare-concreta\/\",\"name\":\"Eco-packaging para un desarrollo consciente - REV\",\"isPartOf\":{\"@id\":\"https:\/\/www.revsrl.com\/#website\"},\"primaryImageOfPage\":{\"@id\":\"https:\/\/www.revsrl.com\/es\/eco-soluzioni-per-un-economia-circolare-concreta\/#primaryimage\"},\"image\":{\"@id\":\"https:\/\/www.revsrl.com\/es\/eco-soluzioni-per-un-economia-circolare-concreta\/#primaryimage\"},\"thumbnailUrl\":\"https:\/\/www.revsrl.com\/wp-content\/uploads\/2023\/06\/2.png\",\"datePublished\":\"2022-06-08T14:02:47+00:00\",\"dateModified\":\"2025-02-03T15:02:51+00:00\",\"author\":{\"@id\":\"https:\/\/www.revsrl.com\/#\/schema\/person\/b539840d6e3097afaab3e589a391eaf9\"},\"description\":\"REV est\u00e1 convencida: ha llegado el momento de nuevos modelos de consumo que sean en l\u00ednea con un proyecto de econom\u00eda circular concreta.\",\"breadcrumb\":{\"@id\":\"https:\/\/www.revsrl.com\/es\/eco-soluzioni-per-un-economia-circolare-concreta\/#breadcrumb\"},\"inLanguage\":\"es\",\"potentialAction\":[{\"@type\":\"ReadAction\",\"target\":[\"https:\/\/www.revsrl.com\/es\/eco-soluzioni-per-un-economia-circolare-concreta\/\"]}]},{\"@type\":\"ImageObject\",\"inLanguage\":\"es\",\"@id\":\"https:\/\/www.revsrl.com\/es\/eco-soluzioni-per-un-economia-circolare-concreta\/#primaryimage\",\"url\":\"https:\/\/www.revsrl.com\/wp-content\/uploads\/2023\/06\/2.png\",\"contentUrl\":\"https:\/\/www.revsrl.com\/wp-content\/uploads\/2023\/06\/2.png\",\"width\":720,\"height\":540},{\"@type\":\"BreadcrumbList\",\"@id\":\"https:\/\/www.revsrl.com\/es\/eco-soluzioni-per-un-economia-circolare-concreta\/#breadcrumb\",\"itemListElement\":[{\"@type\":\"ListItem\",\"position\":1,\"name\":\"Home\",\"item\":\"https:\/\/www.revsrl.com\/es\/\"},{\"@type\":\"ListItem\",\"position\":2,\"name\":\"Eco-soluciones para una econom\u00eda circular concreta\"}]},{\"@type\":\"WebSite\",\"@id\":\"https:\/\/www.revsrl.com\/#website\",\"url\":\"https:\/\/www.revsrl.com\/\",\"name\":\"REV Packaging Solutions\",\"description\":\"Packaging machines for fruit and vegetables\",\"potentialAction\":[{\"@type\":\"SearchAction\",\"target\":{\"@type\":\"EntryPoint\",\"urlTemplate\":\"https:\/\/www.revsrl.com\/?s={search_term_string}\"},\"query-input\":{\"@type\":\"PropertyValueSpecification\",\"valueRequired\":true,\"valueName\":\"search_term_string\"}}],\"inLanguage\":\"es\"},{\"@type\":\"Person\",\"@id\":\"https:\/\/www.revsrl.com\/#\/schema\/person\/b539840d6e3097afaab3e589a391eaf9\",\"name\":\"Francesca Fiumana\",\"url\":\"https:\/\/www.revsrl.com\/es\/author\/officerevsrl-com\/\"}]}<\/script>\n<!-- \/ Yoast SEO plugin. -->","yoast_head_json":{"title":"Eco-packaging para un desarrollo consciente - REV","description":"REV est\u00e1 convencida: ha llegado el momento de nuevos modelos de consumo que sean en l\u00ednea con un proyecto de econom\u00eda circular concreta.","robots":{"index":"index","follow":"follow","max-snippet":"max-snippet:-1","max-image-preview":"max-image-preview:large","max-video-preview":"max-video-preview:-1"},"canonical":"https:\/\/www.revsrl.com\/es\/eco-soluzioni-per-un-economia-circolare-concreta\/","og_locale":"es_ES","og_type":"article","og_title":"Eco-packaging para un desarrollo consciente - REV","og_description":"REV est\u00e1 convencida: ha llegado el momento de nuevos modelos de consumo que sean en l\u00ednea con un proyecto de econom\u00eda circular concreta.","og_url":"https:\/\/www.revsrl.com\/es\/eco-soluzioni-per-un-economia-circolare-concreta\/","og_site_name":"REV Packaging Solutions","article_published_time":"2022-06-08T14:02:47+00:00","article_modified_time":"2025-02-03T15:02:51+00:00","og_image":[{"width":720,"height":540,"url":"https:\/\/www.revsrl.com\/wp-content\/uploads\/2023\/06\/2.png","type":"image\/png"}],"author":"Francesca Fiumana","schema":{"@context":"https:\/\/schema.org","@graph":[{"@type":"Article","@id":"https:\/\/www.revsrl.com\/es\/eco-soluzioni-per-un-economia-circolare-concreta\/#article","isPartOf":{"@id":"https:\/\/www.revsrl.com\/es\/eco-soluzioni-per-un-economia-circolare-concreta\/"},"author":{"name":"Francesca Fiumana","@id":"https:\/\/www.revsrl.com\/#\/schema\/person\/b539840d6e3097afaab3e589a391eaf9"},"headline":"Eco-soluciones para una econom\u00eda circular concreta","datePublished":"2022-06-08T14:02:47+00:00","dateModified":"2025-02-03T15:02:51+00:00","mainEntityOfPage":{"@id":"https:\/\/www.revsrl.com\/es\/eco-soluzioni-per-un-economia-circolare-concreta\/"},"wordCount":1307,"image":{"@id":"https:\/\/www.revsrl.com\/es\/eco-soluzioni-per-un-economia-circolare-concreta\/#primaryimage"},"thumbnailUrl":"https:\/\/www.revsrl.com\/wp-content\/uploads\/2023\/06\/2.png","articleSection":["Noticias"],"inLanguage":"es"},{"@type":"WebPage","@id":"https:\/\/www.revsrl.com\/es\/eco-soluzioni-per-un-economia-circolare-concreta\/","url":"https:\/\/www.revsrl.com\/es\/eco-soluzioni-per-un-economia-circolare-concreta\/","name":"Eco-packaging para un desarrollo consciente - REV","isPartOf":{"@id":"https:\/\/www.revsrl.com\/#website"},"primaryImageOfPage":{"@id":"https:\/\/www.revsrl.com\/es\/eco-soluzioni-per-un-economia-circolare-concreta\/#primaryimage"},"image":{"@id":"https:\/\/www.revsrl.com\/es\/eco-soluzioni-per-un-economia-circolare-concreta\/#primaryimage"},"thumbnailUrl":"https:\/\/www.revsrl.com\/wp-content\/uploads\/2023\/06\/2.png","datePublished":"2022-06-08T14:02:47+00:00","dateModified":"2025-02-03T15:02:51+00:00","author":{"@id":"https:\/\/www.revsrl.com\/#\/schema\/person\/b539840d6e3097afaab3e589a391eaf9"},"description":"REV est\u00e1 convencida: ha llegado el momento de nuevos modelos de consumo que sean en l\u00ednea con un proyecto de econom\u00eda circular concreta.","breadcrumb":{"@id":"https:\/\/www.revsrl.com\/es\/eco-soluzioni-per-un-economia-circolare-concreta\/#breadcrumb"},"inLanguage":"es","potentialAction":[{"@type":"ReadAction","target":["https:\/\/www.revsrl.com\/es\/eco-soluzioni-per-un-economia-circolare-concreta\/"]}]},{"@type":"ImageObject","inLanguage":"es","@id":"https:\/\/www.revsrl.com\/es\/eco-soluzioni-per-un-economia-circolare-concreta\/#primaryimage","url":"https:\/\/www.revsrl.com\/wp-content\/uploads\/2023\/06\/2.png","contentUrl":"https:\/\/www.revsrl.com\/wp-content\/uploads\/2023\/06\/2.png","width":720,"height":540},{"@type":"BreadcrumbList","@id":"https:\/\/www.revsrl.com\/es\/eco-soluzioni-per-un-economia-circolare-concreta\/#breadcrumb","itemListElement":[{"@type":"ListItem","position":1,"name":"Home","item":"https:\/\/www.revsrl.com\/es\/"},{"@type":"ListItem","position":2,"name":"Eco-soluciones para una econom\u00eda circular concreta"}]},{"@type":"WebSite","@id":"https:\/\/www.revsrl.com\/#website","url":"https:\/\/www.revsrl.com\/","name":"REV Packaging Solutions","description":"Packaging machines for fruit and vegetables","potentialAction":[{"@type":"SearchAction","target":{"@type":"EntryPoint","urlTemplate":"https:\/\/www.revsrl.com\/?s={search_term_string}"},"query-input":{"@type":"PropertyValueSpecification","valueRequired":true,"valueName":"search_term_string"}}],"inLanguage":"es"},{"@type":"Person","@id":"https:\/\/www.revsrl.com\/#\/schema\/person\/b539840d6e3097afaab3e589a391eaf9","name":"Francesca Fiumana","url":"https:\/\/www.revsrl.com\/es\/author\/officerevsrl-com\/"}]}},"_links":{"self":[{"href":"https:\/\/www.revsrl.com\/es\/wp-json\/wp\/v2\/posts\/73070","targetHints":{"allow":["GET"]}}],"collection":[{"href":"https:\/\/www.revsrl.com\/es\/wp-json\/wp\/v2\/posts"}],"about":[{"href":"https:\/\/www.revsrl.com\/es\/wp-json\/wp\/v2\/types\/post"}],"author":[{"embeddable":true,"href":"https:\/\/www.revsrl.com\/es\/wp-json\/wp\/v2\/users\/11"}],"replies":[{"embeddable":true,"href":"https:\/\/www.revsrl.com\/es\/wp-json\/wp\/v2\/comments?post=73070"}],"version-history":[{"count":5,"href":"https:\/\/www.revsrl.com\/es\/wp-json\/wp\/v2\/posts\/73070\/revisions"}],"predecessor-version":[{"id":76961,"href":"https:\/\/www.revsrl.com\/es\/wp-json\/wp\/v2\/posts\/73070\/revisions\/76961"}],"wp:featuredmedia":[{"embeddable":true,"href":"https:\/\/www.revsrl.com\/es\/wp-json\/wp\/v2\/media\/75091"}],"wp:attachment":[{"href":"https:\/\/www.revsrl.com\/es\/wp-json\/wp\/v2\/media?parent=73070"}],"wp:term":[{"taxonomy":"category","embeddable":true,"href":"https:\/\/www.revsrl.com\/es\/wp-json\/wp\/v2\/categories?post=73070"},{"taxonomy":"post_tag","embeddable":true,"href":"https:\/\/www.revsrl.com\/es\/wp-json\/wp\/v2\/tags?post=73070"}],"curies":[{"name":"wp","href":"https:\/\/api.w.org\/{rel}","templated":true}]}}