{"id":74198,"date":"2022-12-15T13:57:24","date_gmt":"2022-12-15T12:57:24","guid":{"rendered":"https:\/\/www.revsrl.com\/?p=74198"},"modified":"2024-02-21T09:35:09","modified_gmt":"2024-02-21T08:35:09","slug":"numeros-record-para-las-maquinas-para-el-envasado","status":"publish","type":"post","link":"https:\/\/www.revsrl.com\/es\/numeros-record-para-las-maquinas-para-el-envasado\/","title":{"rendered":"N\u00fameros r\u00e9cord para las m\u00e1quinas para el envasado"},"content":{"rendered":"<div class=\"wpb-content-wrapper\"><p>[vc_row][vc_column width=\u00bb1\/3&#8243;][vc_single_image media=\u00bb74199&#8243; media_width_percent=\u00bb100&#8243; uncode_shortcode_id=\u00bb221590&#8243;][\/vc_column][vc_column width=\u00bb2\/3&#8243;][vc_custom_heading text_color=\u00bbcolor-122249&#8243; text_font=\u00bbfont-547818&#8243; text_size=\u00bbh5&#8243; uncode_shortcode_id=\u00bb176034&#8243; text_color_type=\u00bbuncode-palette\u00bb]2022 a su fin: el sector reporta los resultados[\/vc_custom_heading][vc_column_text uncode_shortcode_id=\u00bb196345&#8243;]En el mundo entero es crisis, medioambiental, pand\u00e9mica, b\u00e9lica, econ\u00f3mica. No obstante, se cierra m\u00e1s que en positivo el balance 2022 para las m\u00e1quinas para el envasado <em>Made in Italy<\/em>, que superan abundantemente las prestaciones pre-Covid.<\/p>\n<p>Con <strong>8,2 mil millones en ingresos <\/strong>y una<strong> exportaci\u00f3n de <\/strong>aproximadamente <strong>80 %<\/strong>, Italia confirma su primac\u00eda en la producci\u00f3n de maquinaria para el envasado, especialmente de alimentos y bebidas.<\/p>\n<p>Despu\u00e9s de todo, el volumen de ventas relativo a las soluciones para el confecionamiento para los alimentos y las bedidas, que ya en los dos a\u00f1os pasados se hab\u00eda confermado el segmento remoclador, vale globalmente <strong>15.3 mil millones de euros<\/strong>, con un <strong>crescimiento anual previsto de un 2.1 % <\/strong>dentro de 2025.<\/p>\n<p>Estos datos fotografian un escenario casi incre\u00edble si se considera que en el \u00faltimo periodo la industria tuvo que hacer cuentas primero con la pandemia y por lo tanto con componentes dificiles de encontrar, tiempos dilatados y costes siempre m\u00e1s altos, y luego con el conflicto en Ucraina y el consiguiente encarecimiento de energ\u00eda y materias primas.<\/p>\n<p>Y el sector hrtofrut\u00edcola en particular se ha encontrado frente a desaf\u00edos muy complejos: de hecho, el cierre de los mercados del Est ha inevitablemente rearregldo los flujos comerciales a nivel global, desviando en Europa cerca de 4 millones de toneladas de frutas y verduras, causando un exceso de oferta y una fuerte presi\u00f3n sobre los precios de los productos locales.<\/p>\n<p>Pero el sector no s\u00f3lo resiste, sino que incluso se distingue, invirtiendo en la digitalizaci\u00f3n, en la automaci\u00f3n, en el procesamiento mecanizado y en la innovaci\u00f3n finalizada a la transici\u00f3n ecol\u00f3gica, que, estamos todos de acuerdo, no se puede parar, debe seguir siendo nuestra prioridad. Lo dice Nomisma: las empresas sostenibles registran una ganancia un 10 % m\u00e1s alta que la media.<\/p>\n<p>En suma, exactamente como desea el vicepresidente de UCIMA, la asociaci\u00f3n de los constructores italianos de m\u00e1quinas autom\u00e1ticas para el envasado y el confeccionamiento: <strong>\u201c<\/strong>El envasado <em>Made in Italy<\/em>, en cuanto l\u00edder mundial y pionero en el desarrollo de soluciones sostenibles, tiene todas las caracter\u00edsticas para aspirar a ser el motor y la gu\u00eda para una transformaci\u00f3n verde de los materiales y tecnolog\u00edas de envasado a escala internacional\u201d.[\/vc_column_text][\/vc_column][\/vc_row]<\/p>\n<\/div>","protected":false},"excerpt":{"rendered":"<p>[vc_row][vc_column width=\u00bb1\/3&#8243;][vc_single_image media=\u00bb74199&#8243; media_width_percent=\u00bb100&#8243; uncode_shortcode_id=\u00bb221590&#8243;][\/vc_column][vc_column width=\u00bb2\/3&#8243;][vc_custom_heading text_color=\u00bbcolor-122249&#8243; text_font=\u00bbfont-547818&#8243; text_size=\u00bbh5&#8243; uncode_shortcode_id=\u00bb176034&#8243; text_color_type=\u00bbuncode-palette\u00bb]2022 a su fin: el sector reporta los resultados[\/vc_custom_heading][vc_column_text uncode_shortcode_id=\u00bb196345&#8243;]En [&hellip;]<\/p>\n","protected":false},"author":11,"featured_media":74201,"comment_status":"closed","ping_status":"closed","sticky":false,"template":"","format":"standard","meta":{"footnotes":""},"categories":[413],"tags":[],"class_list":["post-74198","post","type-post","status-publish","format-standard","has-post-thumbnail","hentry","category-noticias"],"yoast_head":"<!-- This site is optimized with the Yoast SEO plugin v27.1.1 - https:\/\/yoast.com\/product\/yoast-seo-wordpress\/ -->\n<title>Boom de m\u00e1quinas para el envasado - REV Packaging Solutions<\/title>\n<meta name=\"description\" content=\"Con el 2022 que est\u00e1 llegando a su fin, las m\u00e1quinas para el envasado para alimentos y bebidas destacan con n\u00fameros r\u00e9cord y primac\u00edas todas italianas.\" \/>\n<meta name=\"robots\" content=\"index, follow, max-snippet:-1, max-image-preview:large, max-video-preview:-1\" \/>\n<link rel=\"canonical\" href=\"https:\/\/www.revsrl.com\/es\/numeros-record-para-las-maquinas-para-el-envasado\/\" \/>\n<meta property=\"og:locale\" content=\"es_ES\" \/>\n<meta property=\"og:type\" content=\"article\" \/>\n<meta property=\"og:title\" content=\"Boom de m\u00e1quinas para el envasado - REV Packaging Solutions\" \/>\n<meta property=\"og:description\" content=\"Con el 2022 que est\u00e1 llegando a su fin, las m\u00e1quinas para el envasado para alimentos y bebidas destacan con n\u00fameros r\u00e9cord y primac\u00edas todas italianas.\" \/>\n<meta property=\"og:url\" content=\"https:\/\/www.revsrl.com\/es\/numeros-record-para-las-maquinas-para-el-envasado\/\" \/>\n<meta property=\"og:site_name\" content=\"REV Packaging Solutions\" \/>\n<meta property=\"article:published_time\" content=\"2022-12-15T12:57:24+00:00\" \/>\n<meta property=\"article:modified_time\" content=\"2024-02-21T08:35:09+00:00\" \/>\n<meta property=\"og:image\" content=\"https:\/\/www.revsrl.com\/wp-content\/uploads\/2022\/12\/Copia-di-Bande-e-logo-ghgh1200-\u00d7-1200-px-720-\u00d7-540-px.png\" \/>\n\t<meta property=\"og:image:width\" content=\"720\" \/>\n\t<meta property=\"og:image:height\" content=\"540\" \/>\n\t<meta property=\"og:image:type\" content=\"image\/png\" \/>\n<meta name=\"author\" content=\"Francesca Fiumana\" \/>\n<script type=\"application\/ld+json\" class=\"yoast-schema-graph\">{\"@context\":\"https:\/\/schema.org\",\"@graph\":[{\"@type\":\"Article\",\"@id\":\"https:\/\/www.revsrl.com\/es\/numeros-record-para-las-maquinas-para-el-envasado\/#article\",\"isPartOf\":{\"@id\":\"https:\/\/www.revsrl.com\/es\/numeros-record-para-las-maquinas-para-el-envasado\/\"},\"author\":{\"name\":\"Francesca Fiumana\",\"@id\":\"https:\/\/www.revsrl.com\/#\/schema\/person\/b539840d6e3097afaab3e589a391eaf9\"},\"headline\":\"N\u00fameros r\u00e9cord para las m\u00e1quinas para el envasado\",\"datePublished\":\"2022-12-15T12:57:24+00:00\",\"dateModified\":\"2024-02-21T08:35:09+00:00\",\"mainEntityOfPage\":{\"@id\":\"https:\/\/www.revsrl.com\/es\/numeros-record-para-las-maquinas-para-el-envasado\/\"},\"wordCount\":461,\"image\":{\"@id\":\"https:\/\/www.revsrl.com\/es\/numeros-record-para-las-maquinas-para-el-envasado\/#primaryimage\"},\"thumbnailUrl\":\"https:\/\/www.revsrl.com\/wp-content\/uploads\/2022\/12\/Copia-di-Bande-e-logo-ghgh1200-\u00d7-1200-px-720-\u00d7-540-px.png\",\"articleSection\":[\"Noticias\"],\"inLanguage\":\"es\"},{\"@type\":\"WebPage\",\"@id\":\"https:\/\/www.revsrl.com\/es\/numeros-record-para-las-maquinas-para-el-envasado\/\",\"url\":\"https:\/\/www.revsrl.com\/es\/numeros-record-para-las-maquinas-para-el-envasado\/\",\"name\":\"Boom de m\u00e1quinas para el envasado - REV Packaging Solutions\",\"isPartOf\":{\"@id\":\"https:\/\/www.revsrl.com\/#website\"},\"primaryImageOfPage\":{\"@id\":\"https:\/\/www.revsrl.com\/es\/numeros-record-para-las-maquinas-para-el-envasado\/#primaryimage\"},\"image\":{\"@id\":\"https:\/\/www.revsrl.com\/es\/numeros-record-para-las-maquinas-para-el-envasado\/#primaryimage\"},\"thumbnailUrl\":\"https:\/\/www.revsrl.com\/wp-content\/uploads\/2022\/12\/Copia-di-Bande-e-logo-ghgh1200-\u00d7-1200-px-720-\u00d7-540-px.png\",\"datePublished\":\"2022-12-15T12:57:24+00:00\",\"dateModified\":\"2024-02-21T08:35:09+00:00\",\"author\":{\"@id\":\"https:\/\/www.revsrl.com\/#\/schema\/person\/b539840d6e3097afaab3e589a391eaf9\"},\"description\":\"Con el 2022 que est\u00e1 llegando a su fin, las m\u00e1quinas para el envasado para alimentos y bebidas destacan con n\u00fameros r\u00e9cord y primac\u00edas todas italianas.\",\"breadcrumb\":{\"@id\":\"https:\/\/www.revsrl.com\/es\/numeros-record-para-las-maquinas-para-el-envasado\/#breadcrumb\"},\"inLanguage\":\"es\",\"potentialAction\":[{\"@type\":\"ReadAction\",\"target\":[\"https:\/\/www.revsrl.com\/es\/numeros-record-para-las-maquinas-para-el-envasado\/\"]}]},{\"@type\":\"ImageObject\",\"inLanguage\":\"es\",\"@id\":\"https:\/\/www.revsrl.com\/es\/numeros-record-para-las-maquinas-para-el-envasado\/#primaryimage\",\"url\":\"https:\/\/www.revsrl.com\/wp-content\/uploads\/2022\/12\/Copia-di-Bande-e-logo-ghgh1200-\u00d7-1200-px-720-\u00d7-540-px.png\",\"contentUrl\":\"https:\/\/www.revsrl.com\/wp-content\/uploads\/2022\/12\/Copia-di-Bande-e-logo-ghgh1200-\u00d7-1200-px-720-\u00d7-540-px.png\",\"width\":720,\"height\":540},{\"@type\":\"BreadcrumbList\",\"@id\":\"https:\/\/www.revsrl.com\/es\/numeros-record-para-las-maquinas-para-el-envasado\/#breadcrumb\",\"itemListElement\":[{\"@type\":\"ListItem\",\"position\":1,\"name\":\"Home\",\"item\":\"https:\/\/www.revsrl.com\/es\/\"},{\"@type\":\"ListItem\",\"position\":2,\"name\":\"N\u00fameros r\u00e9cord para las m\u00e1quinas para el envasado\"}]},{\"@type\":\"WebSite\",\"@id\":\"https:\/\/www.revsrl.com\/#website\",\"url\":\"https:\/\/www.revsrl.com\/\",\"name\":\"REV Packaging Solutions\",\"description\":\"Packaging machines for fruit and vegetables\",\"potentialAction\":[{\"@type\":\"SearchAction\",\"target\":{\"@type\":\"EntryPoint\",\"urlTemplate\":\"https:\/\/www.revsrl.com\/?s={search_term_string}\"},\"query-input\":{\"@type\":\"PropertyValueSpecification\",\"valueRequired\":true,\"valueName\":\"search_term_string\"}}],\"inLanguage\":\"es\"},{\"@type\":\"Person\",\"@id\":\"https:\/\/www.revsrl.com\/#\/schema\/person\/b539840d6e3097afaab3e589a391eaf9\",\"name\":\"Francesca Fiumana\",\"url\":\"https:\/\/www.revsrl.com\/es\/author\/officerevsrl-com\/\"}]}<\/script>\n<!-- \/ Yoast SEO plugin. -->","yoast_head_json":{"title":"Boom de m\u00e1quinas para el envasado - REV Packaging Solutions","description":"Con el 2022 que est\u00e1 llegando a su fin, las m\u00e1quinas para el envasado para alimentos y bebidas destacan con n\u00fameros r\u00e9cord y primac\u00edas todas italianas.","robots":{"index":"index","follow":"follow","max-snippet":"max-snippet:-1","max-image-preview":"max-image-preview:large","max-video-preview":"max-video-preview:-1"},"canonical":"https:\/\/www.revsrl.com\/es\/numeros-record-para-las-maquinas-para-el-envasado\/","og_locale":"es_ES","og_type":"article","og_title":"Boom de m\u00e1quinas para el envasado - REV Packaging Solutions","og_description":"Con el 2022 que est\u00e1 llegando a su fin, las m\u00e1quinas para el envasado para alimentos y bebidas destacan con n\u00fameros r\u00e9cord y primac\u00edas todas italianas.","og_url":"https:\/\/www.revsrl.com\/es\/numeros-record-para-las-maquinas-para-el-envasado\/","og_site_name":"REV Packaging Solutions","article_published_time":"2022-12-15T12:57:24+00:00","article_modified_time":"2024-02-21T08:35:09+00:00","og_image":[{"width":720,"height":540,"url":"https:\/\/www.revsrl.com\/wp-content\/uploads\/2022\/12\/Copia-di-Bande-e-logo-ghgh1200-\u00d7-1200-px-720-\u00d7-540-px.png","type":"image\/png"}],"author":"Francesca Fiumana","schema":{"@context":"https:\/\/schema.org","@graph":[{"@type":"Article","@id":"https:\/\/www.revsrl.com\/es\/numeros-record-para-las-maquinas-para-el-envasado\/#article","isPartOf":{"@id":"https:\/\/www.revsrl.com\/es\/numeros-record-para-las-maquinas-para-el-envasado\/"},"author":{"name":"Francesca Fiumana","@id":"https:\/\/www.revsrl.com\/#\/schema\/person\/b539840d6e3097afaab3e589a391eaf9"},"headline":"N\u00fameros r\u00e9cord para las m\u00e1quinas para el envasado","datePublished":"2022-12-15T12:57:24+00:00","dateModified":"2024-02-21T08:35:09+00:00","mainEntityOfPage":{"@id":"https:\/\/www.revsrl.com\/es\/numeros-record-para-las-maquinas-para-el-envasado\/"},"wordCount":461,"image":{"@id":"https:\/\/www.revsrl.com\/es\/numeros-record-para-las-maquinas-para-el-envasado\/#primaryimage"},"thumbnailUrl":"https:\/\/www.revsrl.com\/wp-content\/uploads\/2022\/12\/Copia-di-Bande-e-logo-ghgh1200-\u00d7-1200-px-720-\u00d7-540-px.png","articleSection":["Noticias"],"inLanguage":"es"},{"@type":"WebPage","@id":"https:\/\/www.revsrl.com\/es\/numeros-record-para-las-maquinas-para-el-envasado\/","url":"https:\/\/www.revsrl.com\/es\/numeros-record-para-las-maquinas-para-el-envasado\/","name":"Boom de m\u00e1quinas para el envasado - REV Packaging Solutions","isPartOf":{"@id":"https:\/\/www.revsrl.com\/#website"},"primaryImageOfPage":{"@id":"https:\/\/www.revsrl.com\/es\/numeros-record-para-las-maquinas-para-el-envasado\/#primaryimage"},"image":{"@id":"https:\/\/www.revsrl.com\/es\/numeros-record-para-las-maquinas-para-el-envasado\/#primaryimage"},"thumbnailUrl":"https:\/\/www.revsrl.com\/wp-content\/uploads\/2022\/12\/Copia-di-Bande-e-logo-ghgh1200-\u00d7-1200-px-720-\u00d7-540-px.png","datePublished":"2022-12-15T12:57:24+00:00","dateModified":"2024-02-21T08:35:09+00:00","author":{"@id":"https:\/\/www.revsrl.com\/#\/schema\/person\/b539840d6e3097afaab3e589a391eaf9"},"description":"Con el 2022 que est\u00e1 llegando a su fin, las m\u00e1quinas para el envasado para alimentos y bebidas destacan con n\u00fameros r\u00e9cord y primac\u00edas todas italianas.","breadcrumb":{"@id":"https:\/\/www.revsrl.com\/es\/numeros-record-para-las-maquinas-para-el-envasado\/#breadcrumb"},"inLanguage":"es","potentialAction":[{"@type":"ReadAction","target":["https:\/\/www.revsrl.com\/es\/numeros-record-para-las-maquinas-para-el-envasado\/"]}]},{"@type":"ImageObject","inLanguage":"es","@id":"https:\/\/www.revsrl.com\/es\/numeros-record-para-las-maquinas-para-el-envasado\/#primaryimage","url":"https:\/\/www.revsrl.com\/wp-content\/uploads\/2022\/12\/Copia-di-Bande-e-logo-ghgh1200-\u00d7-1200-px-720-\u00d7-540-px.png","contentUrl":"https:\/\/www.revsrl.com\/wp-content\/uploads\/2022\/12\/Copia-di-Bande-e-logo-ghgh1200-\u00d7-1200-px-720-\u00d7-540-px.png","width":720,"height":540},{"@type":"BreadcrumbList","@id":"https:\/\/www.revsrl.com\/es\/numeros-record-para-las-maquinas-para-el-envasado\/#breadcrumb","itemListElement":[{"@type":"ListItem","position":1,"name":"Home","item":"https:\/\/www.revsrl.com\/es\/"},{"@type":"ListItem","position":2,"name":"N\u00fameros r\u00e9cord para las m\u00e1quinas para el envasado"}]},{"@type":"WebSite","@id":"https:\/\/www.revsrl.com\/#website","url":"https:\/\/www.revsrl.com\/","name":"REV Packaging Solutions","description":"Packaging machines for fruit and vegetables","potentialAction":[{"@type":"SearchAction","target":{"@type":"EntryPoint","urlTemplate":"https:\/\/www.revsrl.com\/?s={search_term_string}"},"query-input":{"@type":"PropertyValueSpecification","valueRequired":true,"valueName":"search_term_string"}}],"inLanguage":"es"},{"@type":"Person","@id":"https:\/\/www.revsrl.com\/#\/schema\/person\/b539840d6e3097afaab3e589a391eaf9","name":"Francesca Fiumana","url":"https:\/\/www.revsrl.com\/es\/author\/officerevsrl-com\/"}]}},"_links":{"self":[{"href":"https:\/\/www.revsrl.com\/es\/wp-json\/wp\/v2\/posts\/74198","targetHints":{"allow":["GET"]}}],"collection":[{"href":"https:\/\/www.revsrl.com\/es\/wp-json\/wp\/v2\/posts"}],"about":[{"href":"https:\/\/www.revsrl.com\/es\/wp-json\/wp\/v2\/types\/post"}],"author":[{"embeddable":true,"href":"https:\/\/www.revsrl.com\/es\/wp-json\/wp\/v2\/users\/11"}],"replies":[{"embeddable":true,"href":"https:\/\/www.revsrl.com\/es\/wp-json\/wp\/v2\/comments?post=74198"}],"version-history":[{"count":3,"href":"https:\/\/www.revsrl.com\/es\/wp-json\/wp\/v2\/posts\/74198\/revisions"}],"predecessor-version":[{"id":75678,"href":"https:\/\/www.revsrl.com\/es\/wp-json\/wp\/v2\/posts\/74198\/revisions\/75678"}],"wp:featuredmedia":[{"embeddable":true,"href":"https:\/\/www.revsrl.com\/es\/wp-json\/wp\/v2\/media\/74201"}],"wp:attachment":[{"href":"https:\/\/www.revsrl.com\/es\/wp-json\/wp\/v2\/media?parent=74198"}],"wp:term":[{"taxonomy":"category","embeddable":true,"href":"https:\/\/www.revsrl.com\/es\/wp-json\/wp\/v2\/categories?post=74198"},{"taxonomy":"post_tag","embeddable":true,"href":"https:\/\/www.revsrl.com\/es\/wp-json\/wp\/v2\/tags?post=74198"}],"curies":[{"name":"wp","href":"https:\/\/api.w.org\/{rel}","templated":true}]}}