{"id":74419,"date":"2023-01-24T16:21:43","date_gmt":"2023-01-24T15:21:43","guid":{"rendered":"https:\/\/www.revsrl.com\/?p=74419"},"modified":"2023-02-17T12:30:41","modified_gmt":"2023-02-17T11:30:41","slug":"fruit-logistica-2023","status":"publish","type":"post","link":"https:\/\/www.revsrl.com\/es\/fruit-logistica-2023\/","title":{"rendered":"FRUIT LOGISTICA 2023"},"content":{"rendered":"<div class=\"wpb-content-wrapper\"><p>[vc_row][vc_column width=\u00bb1\/3&#8243;][vc_single_image media=\u00bb74422&#8243; media_width_percent=\u00bb100&#8243; uncode_shortcode_id=\u00bb108317&#8243;][\/vc_column][vc_column width=\u00bb2\/3&#8243;][vc_custom_heading text_color=\u00bbcolor-122249&#8243; text_font=\u00bbfont-547818&#8243; text_size=\u00bbh5&#8243; uncode_shortcode_id=\u00bb404299&#8243; text_color_type=\u00bbuncode-palette\u00bb]Dando forma al futuro juntos[\/vc_custom_heading][vc_column_text uncode_shortcode_id=\u00bb205658&#8243;]<strong>Del 8 al 10 de febrero<\/strong>, en Berlin, vuelve la feria dedicada a la entera cadena agroalimentaria que representa un pilar para la industria, del productor al consumidor: FRUIT LOGISTICA.<\/p>\n<p>El enfoque de la edici\u00f3n de este a\u00f1o, especialmente por lo que concierne la \u00e1rea expositiva reservada a la maquinaria para la transformaci\u00f3n, la conservaci\u00f3n y el envasado de frutas y hortalizas, son la <strong>tecnolog<\/strong><strong>\u00ed<\/strong><strong>a<\/strong> <strong>y<\/strong> la <strong>innovaci<\/strong><strong>\u00f3<\/strong><strong>n <\/strong>pero, naturalmente, no como fines en s\u00ed mismos sino m\u00e1s bien destinadas a reducir el desperdicio y a trazar juntos los confines de una sostenibilidad m\u00e1s tangible.<\/p>\n<p>Porque, a causa de la pandemia y de la crisis bel\u00edca y energ\u00e9tica, el sector de alimentos y bebidas, desde hace algunos a\u00f1os, tiene que hacer frente a nuevos desaf\u00edos, primero de todos la demanda de una mayor variedad y menores cantidades de producto. Y una producci\u00f3n sostenible m\u00e1s variada y menos masiva implica necesariamente una <strong>mayor flexibilidad de las m<\/strong><strong>\u00e1<\/strong><strong>quinas<\/strong>, posible s\u00f3lo invirtiendo en la digitalizaci\u00f3n, en la automaci\u00f3n y en el procesamiento mecanizado.<\/p>\n<p>Y en REV estamos trabajando precisamente en esto! \u00bfDe qu\u00e9 manera? \u00a1Les esperamos a FRUIT LOGISTICA al <strong>Pabell<\/strong><strong>\u00f3<\/strong><strong>n 2.1, Stand B-11<\/strong> para discutirlo en detalle y presentarles nuestra \u00faltim\u00edsima novedad![\/vc_column_text][\/vc_column][\/vc_row]<\/p>\n<\/div>","protected":false},"excerpt":{"rendered":"<p>[vc_row][vc_column width=\u00bb1\/3&#8243;][vc_single_image media=\u00bb74422&#8243; media_width_percent=\u00bb100&#8243; uncode_shortcode_id=\u00bb108317&#8243;][\/vc_column][vc_column width=\u00bb2\/3&#8243;][vc_custom_heading text_color=\u00bbcolor-122249&#8243; text_font=\u00bbfont-547818&#8243; text_size=\u00bbh5&#8243; uncode_shortcode_id=\u00bb404299&#8243; text_color_type=\u00bbuncode-palette\u00bb]Dando forma al futuro juntos[\/vc_custom_heading][vc_column_text uncode_shortcode_id=\u00bb205658&#8243;]Del 8 al 10 de [&hellip;]<\/p>\n","protected":false},"author":11,"featured_media":74422,"comment_status":"closed","ping_status":"closed","sticky":false,"template":"","format":"standard","meta":{"footnotes":""},"categories":[101],"tags":[],"class_list":["post-74419","post","type-post","status-publish","format-standard","has-post-thumbnail","hentry","category-eventos"],"yoast_head":"<!-- This site is optimized with the Yoast SEO plugin v27.1.1 - https:\/\/yoast.com\/product\/yoast-seo-wordpress\/ -->\n<title>FRUIT LOGISTICA 2023 - REV Packaging Solutions<\/title>\n<meta name=\"description\" content=\"Del 8 al 10 de Febrero, REV les espera a FRUIT LOGISTICA, al Pabell\u00f3n 2.1, Stand B-11 con una novedad absoluta!\" \/>\n<meta name=\"robots\" content=\"index, follow, max-snippet:-1, max-image-preview:large, max-video-preview:-1\" \/>\n<link rel=\"canonical\" href=\"https:\/\/www.revsrl.com\/es\/fruit-logistica-2023\/\" \/>\n<meta property=\"og:locale\" content=\"es_ES\" \/>\n<meta property=\"og:type\" content=\"article\" \/>\n<meta property=\"og:title\" content=\"FRUIT LOGISTICA 2023 - REV Packaging Solutions\" \/>\n<meta property=\"og:description\" content=\"Del 8 al 10 de Febrero, REV les espera a FRUIT LOGISTICA, al Pabell\u00f3n 2.1, Stand B-11 con una novedad absoluta!\" \/>\n<meta property=\"og:url\" content=\"https:\/\/www.revsrl.com\/es\/fruit-logistica-2023\/\" \/>\n<meta property=\"og:site_name\" content=\"REV Packaging Solutions\" \/>\n<meta property=\"article:published_time\" content=\"2023-01-24T15:21:43+00:00\" \/>\n<meta property=\"article:modified_time\" content=\"2023-02-17T11:30:41+00:00\" \/>\n<meta property=\"og:image\" content=\"https:\/\/www.revsrl.com\/wp-content\/uploads\/2023\/01\/Format-Fiere-REV-DEF-Dicembre-Fruitlogistica_540x720.jpg\" \/>\n\t<meta property=\"og:image:width\" content=\"720\" \/>\n\t<meta property=\"og:image:height\" content=\"540\" \/>\n\t<meta property=\"og:image:type\" content=\"image\/jpeg\" \/>\n<meta name=\"author\" content=\"Francesca Fiumana\" \/>\n<script type=\"application\/ld+json\" class=\"yoast-schema-graph\">{\"@context\":\"https:\/\/schema.org\",\"@graph\":[{\"@type\":\"Article\",\"@id\":\"https:\/\/www.revsrl.com\/es\/fruit-logistica-2023\/#article\",\"isPartOf\":{\"@id\":\"https:\/\/www.revsrl.com\/es\/fruit-logistica-2023\/\"},\"author\":{\"name\":\"Francesca Fiumana\",\"@id\":\"https:\/\/www.revsrl.com\/#\/schema\/person\/b539840d6e3097afaab3e589a391eaf9\"},\"headline\":\"FRUIT LOGISTICA 2023\",\"datePublished\":\"2023-01-24T15:21:43+00:00\",\"dateModified\":\"2023-02-17T11:30:41+00:00\",\"mainEntityOfPage\":{\"@id\":\"https:\/\/www.revsrl.com\/es\/fruit-logistica-2023\/\"},\"wordCount\":279,\"image\":{\"@id\":\"https:\/\/www.revsrl.com\/es\/fruit-logistica-2023\/#primaryimage\"},\"thumbnailUrl\":\"https:\/\/www.revsrl.com\/wp-content\/uploads\/2023\/01\/Format-Fiere-REV-DEF-Dicembre-Fruitlogistica_540x720.jpg\",\"articleSection\":[\"Eventos\"],\"inLanguage\":\"es\"},{\"@type\":\"WebPage\",\"@id\":\"https:\/\/www.revsrl.com\/es\/fruit-logistica-2023\/\",\"url\":\"https:\/\/www.revsrl.com\/es\/fruit-logistica-2023\/\",\"name\":\"FRUIT LOGISTICA 2023 - REV Packaging Solutions\",\"isPartOf\":{\"@id\":\"https:\/\/www.revsrl.com\/#website\"},\"primaryImageOfPage\":{\"@id\":\"https:\/\/www.revsrl.com\/es\/fruit-logistica-2023\/#primaryimage\"},\"image\":{\"@id\":\"https:\/\/www.revsrl.com\/es\/fruit-logistica-2023\/#primaryimage\"},\"thumbnailUrl\":\"https:\/\/www.revsrl.com\/wp-content\/uploads\/2023\/01\/Format-Fiere-REV-DEF-Dicembre-Fruitlogistica_540x720.jpg\",\"datePublished\":\"2023-01-24T15:21:43+00:00\",\"dateModified\":\"2023-02-17T11:30:41+00:00\",\"author\":{\"@id\":\"https:\/\/www.revsrl.com\/#\/schema\/person\/b539840d6e3097afaab3e589a391eaf9\"},\"description\":\"Del 8 al 10 de Febrero, REV les espera a FRUIT LOGISTICA, al Pabell\u00f3n 2.1, Stand B-11 con una novedad absoluta!\",\"breadcrumb\":{\"@id\":\"https:\/\/www.revsrl.com\/es\/fruit-logistica-2023\/#breadcrumb\"},\"inLanguage\":\"es\",\"potentialAction\":[{\"@type\":\"ReadAction\",\"target\":[\"https:\/\/www.revsrl.com\/es\/fruit-logistica-2023\/\"]}]},{\"@type\":\"ImageObject\",\"inLanguage\":\"es\",\"@id\":\"https:\/\/www.revsrl.com\/es\/fruit-logistica-2023\/#primaryimage\",\"url\":\"https:\/\/www.revsrl.com\/wp-content\/uploads\/2023\/01\/Format-Fiere-REV-DEF-Dicembre-Fruitlogistica_540x720.jpg\",\"contentUrl\":\"https:\/\/www.revsrl.com\/wp-content\/uploads\/2023\/01\/Format-Fiere-REV-DEF-Dicembre-Fruitlogistica_540x720.jpg\",\"width\":720,\"height\":540},{\"@type\":\"BreadcrumbList\",\"@id\":\"https:\/\/www.revsrl.com\/es\/fruit-logistica-2023\/#breadcrumb\",\"itemListElement\":[{\"@type\":\"ListItem\",\"position\":1,\"name\":\"Home\",\"item\":\"https:\/\/www.revsrl.com\/es\/\"},{\"@type\":\"ListItem\",\"position\":2,\"name\":\"FRUIT LOGISTICA 2023\"}]},{\"@type\":\"WebSite\",\"@id\":\"https:\/\/www.revsrl.com\/#website\",\"url\":\"https:\/\/www.revsrl.com\/\",\"name\":\"REV Packaging Solutions\",\"description\":\"Packaging machines for fruit and vegetables\",\"potentialAction\":[{\"@type\":\"SearchAction\",\"target\":{\"@type\":\"EntryPoint\",\"urlTemplate\":\"https:\/\/www.revsrl.com\/?s={search_term_string}\"},\"query-input\":{\"@type\":\"PropertyValueSpecification\",\"valueRequired\":true,\"valueName\":\"search_term_string\"}}],\"inLanguage\":\"es\"},{\"@type\":\"Person\",\"@id\":\"https:\/\/www.revsrl.com\/#\/schema\/person\/b539840d6e3097afaab3e589a391eaf9\",\"name\":\"Francesca Fiumana\",\"url\":\"https:\/\/www.revsrl.com\/es\/author\/officerevsrl-com\/\"}]}<\/script>\n<!-- \/ Yoast SEO plugin. -->","yoast_head_json":{"title":"FRUIT LOGISTICA 2023 - REV Packaging Solutions","description":"Del 8 al 10 de Febrero, REV les espera a FRUIT LOGISTICA, al Pabell\u00f3n 2.1, Stand B-11 con una novedad absoluta!","robots":{"index":"index","follow":"follow","max-snippet":"max-snippet:-1","max-image-preview":"max-image-preview:large","max-video-preview":"max-video-preview:-1"},"canonical":"https:\/\/www.revsrl.com\/es\/fruit-logistica-2023\/","og_locale":"es_ES","og_type":"article","og_title":"FRUIT LOGISTICA 2023 - REV Packaging Solutions","og_description":"Del 8 al 10 de Febrero, REV les espera a FRUIT LOGISTICA, al Pabell\u00f3n 2.1, Stand B-11 con una novedad absoluta!","og_url":"https:\/\/www.revsrl.com\/es\/fruit-logistica-2023\/","og_site_name":"REV Packaging Solutions","article_published_time":"2023-01-24T15:21:43+00:00","article_modified_time":"2023-02-17T11:30:41+00:00","og_image":[{"width":720,"height":540,"url":"https:\/\/www.revsrl.com\/wp-content\/uploads\/2023\/01\/Format-Fiere-REV-DEF-Dicembre-Fruitlogistica_540x720.jpg","type":"image\/jpeg"}],"author":"Francesca Fiumana","schema":{"@context":"https:\/\/schema.org","@graph":[{"@type":"Article","@id":"https:\/\/www.revsrl.com\/es\/fruit-logistica-2023\/#article","isPartOf":{"@id":"https:\/\/www.revsrl.com\/es\/fruit-logistica-2023\/"},"author":{"name":"Francesca Fiumana","@id":"https:\/\/www.revsrl.com\/#\/schema\/person\/b539840d6e3097afaab3e589a391eaf9"},"headline":"FRUIT LOGISTICA 2023","datePublished":"2023-01-24T15:21:43+00:00","dateModified":"2023-02-17T11:30:41+00:00","mainEntityOfPage":{"@id":"https:\/\/www.revsrl.com\/es\/fruit-logistica-2023\/"},"wordCount":279,"image":{"@id":"https:\/\/www.revsrl.com\/es\/fruit-logistica-2023\/#primaryimage"},"thumbnailUrl":"https:\/\/www.revsrl.com\/wp-content\/uploads\/2023\/01\/Format-Fiere-REV-DEF-Dicembre-Fruitlogistica_540x720.jpg","articleSection":["Eventos"],"inLanguage":"es"},{"@type":"WebPage","@id":"https:\/\/www.revsrl.com\/es\/fruit-logistica-2023\/","url":"https:\/\/www.revsrl.com\/es\/fruit-logistica-2023\/","name":"FRUIT LOGISTICA 2023 - REV Packaging Solutions","isPartOf":{"@id":"https:\/\/www.revsrl.com\/#website"},"primaryImageOfPage":{"@id":"https:\/\/www.revsrl.com\/es\/fruit-logistica-2023\/#primaryimage"},"image":{"@id":"https:\/\/www.revsrl.com\/es\/fruit-logistica-2023\/#primaryimage"},"thumbnailUrl":"https:\/\/www.revsrl.com\/wp-content\/uploads\/2023\/01\/Format-Fiere-REV-DEF-Dicembre-Fruitlogistica_540x720.jpg","datePublished":"2023-01-24T15:21:43+00:00","dateModified":"2023-02-17T11:30:41+00:00","author":{"@id":"https:\/\/www.revsrl.com\/#\/schema\/person\/b539840d6e3097afaab3e589a391eaf9"},"description":"Del 8 al 10 de Febrero, REV les espera a FRUIT LOGISTICA, al Pabell\u00f3n 2.1, Stand B-11 con una novedad absoluta!","breadcrumb":{"@id":"https:\/\/www.revsrl.com\/es\/fruit-logistica-2023\/#breadcrumb"},"inLanguage":"es","potentialAction":[{"@type":"ReadAction","target":["https:\/\/www.revsrl.com\/es\/fruit-logistica-2023\/"]}]},{"@type":"ImageObject","inLanguage":"es","@id":"https:\/\/www.revsrl.com\/es\/fruit-logistica-2023\/#primaryimage","url":"https:\/\/www.revsrl.com\/wp-content\/uploads\/2023\/01\/Format-Fiere-REV-DEF-Dicembre-Fruitlogistica_540x720.jpg","contentUrl":"https:\/\/www.revsrl.com\/wp-content\/uploads\/2023\/01\/Format-Fiere-REV-DEF-Dicembre-Fruitlogistica_540x720.jpg","width":720,"height":540},{"@type":"BreadcrumbList","@id":"https:\/\/www.revsrl.com\/es\/fruit-logistica-2023\/#breadcrumb","itemListElement":[{"@type":"ListItem","position":1,"name":"Home","item":"https:\/\/www.revsrl.com\/es\/"},{"@type":"ListItem","position":2,"name":"FRUIT LOGISTICA 2023"}]},{"@type":"WebSite","@id":"https:\/\/www.revsrl.com\/#website","url":"https:\/\/www.revsrl.com\/","name":"REV Packaging Solutions","description":"Packaging machines for fruit and vegetables","potentialAction":[{"@type":"SearchAction","target":{"@type":"EntryPoint","urlTemplate":"https:\/\/www.revsrl.com\/?s={search_term_string}"},"query-input":{"@type":"PropertyValueSpecification","valueRequired":true,"valueName":"search_term_string"}}],"inLanguage":"es"},{"@type":"Person","@id":"https:\/\/www.revsrl.com\/#\/schema\/person\/b539840d6e3097afaab3e589a391eaf9","name":"Francesca Fiumana","url":"https:\/\/www.revsrl.com\/es\/author\/officerevsrl-com\/"}]}},"_links":{"self":[{"href":"https:\/\/www.revsrl.com\/es\/wp-json\/wp\/v2\/posts\/74419","targetHints":{"allow":["GET"]}}],"collection":[{"href":"https:\/\/www.revsrl.com\/es\/wp-json\/wp\/v2\/posts"}],"about":[{"href":"https:\/\/www.revsrl.com\/es\/wp-json\/wp\/v2\/types\/post"}],"author":[{"embeddable":true,"href":"https:\/\/www.revsrl.com\/es\/wp-json\/wp\/v2\/users\/11"}],"replies":[{"embeddable":true,"href":"https:\/\/www.revsrl.com\/es\/wp-json\/wp\/v2\/comments?post=74419"}],"version-history":[{"count":2,"href":"https:\/\/www.revsrl.com\/es\/wp-json\/wp\/v2\/posts\/74419\/revisions"}],"predecessor-version":[{"id":74653,"href":"https:\/\/www.revsrl.com\/es\/wp-json\/wp\/v2\/posts\/74419\/revisions\/74653"}],"wp:featuredmedia":[{"embeddable":true,"href":"https:\/\/www.revsrl.com\/es\/wp-json\/wp\/v2\/media\/74422"}],"wp:attachment":[{"href":"https:\/\/www.revsrl.com\/es\/wp-json\/wp\/v2\/media?parent=74419"}],"wp:term":[{"taxonomy":"category","embeddable":true,"href":"https:\/\/www.revsrl.com\/es\/wp-json\/wp\/v2\/categories?post=74419"},{"taxonomy":"post_tag","embeddable":true,"href":"https:\/\/www.revsrl.com\/es\/wp-json\/wp\/v2\/tags?post=74419"}],"curies":[{"name":"wp","href":"https:\/\/api.w.org\/{rel}","templated":true}]}}